{"id":11046,"date":"2022-11-03T11:04:38","date_gmt":"2022-11-03T18:04:38","guid":{"rendered":"https:\/\/garymcavoy.com\/wissenschaftler-oeffnen-700-jahre-alten-sarkophag-von-notre-dame\/"},"modified":"2024-11-08T09:59:43","modified_gmt":"2024-11-08T17:59:43","slug":"wissenschaftler-oeffnen-700-jahre-alten-sarkophag-von-notre-dame","status":"publish","type":"post","link":"https:\/\/garymcavoy.com\/de\/wissenschaftler-oeffnen-700-jahre-alten-sarkophag-von-notre-dame\/","title":{"rendered":"Wissenschaftler \u00f6ffnen 700 Jahre alten Sarkophag von Notre-Dame"},"content":{"rendered":"\t\t<div data-elementor-type=\"wp-post\" data-elementor-id=\"11046\" class=\"elementor elementor-11046 elementor-7161\" data-elementor-post-type=\"post\">\n\t\t\t\t\t\t<section data-particle_enable=\"false\" data-particle-mobile-disabled=\"false\" class=\"elementor-section elementor-top-section elementor-element elementor-element-dfc8ecd elementor-section-boxed elementor-section-height-default elementor-section-height-default\" data-id=\"dfc8ecd\" data-element_type=\"section\" data-e-type=\"section\">\n\t\t\t\t\t\t<div class=\"elementor-container elementor-column-gap-default\">\n\t\t\t\t\t<div class=\"elementor-column elementor-col-100 elementor-top-column elementor-element elementor-element-267b8c55\" data-id=\"267b8c55\" data-element_type=\"column\" data-e-type=\"column\">\n\t\t\t<div class=\"elementor-widget-wrap elementor-element-populated\">\n\t\t\t\t\t\t<div class=\"elementor-element elementor-element-e845d6f elementor-widget elementor-widget-image\" data-id=\"e845d6f\" data-element_type=\"widget\" data-e-type=\"widget\" data-widget_type=\"image.default\">\n\t\t\t\t\t\t\t\t\t\t\t\t\t\t\t<img fetchpriority=\"high\" decoding=\"async\" width=\"652\" height=\"570\" src=\"https:\/\/garymcavoy.com\/wp-content\/uploads\/2022\/11\/NotreDameAblaze.jpg\" class=\"attachment-large size-large wp-image-11047\" alt=\"\" srcset=\"https:\/\/garymcavoy.com\/wp-content\/uploads\/2022\/11\/NotreDameAblaze.jpg 652w, https:\/\/garymcavoy.com\/wp-content\/uploads\/2022\/11\/NotreDameAblaze-600x525.jpg 600w, https:\/\/garymcavoy.com\/wp-content\/uploads\/2022\/11\/NotreDameAblaze-300x262.jpg 300w, https:\/\/garymcavoy.com\/wp-content\/uploads\/2022\/11\/NotreDameAblaze-250x219.jpg 250w, https:\/\/garymcavoy.com\/wp-content\/uploads\/2022\/11\/NotreDameAblaze-550x481.jpg 550w, https:\/\/garymcavoy.com\/wp-content\/uploads\/2022\/11\/NotreDameAblaze-206x180.jpg 206w, https:\/\/garymcavoy.com\/wp-content\/uploads\/2022\/11\/NotreDameAblaze-343x300.jpg 343w, https:\/\/garymcavoy.com\/wp-content\/uploads\/2022\/11\/NotreDameAblaze-572x500.jpg 572w\" sizes=\"(max-width: 652px) 100vw, 652px\" \/>\t\t\t\t\t\t\t\t\t\t\t\t\t\t\t<\/div>\n\t\t\t\t<div class=\"elementor-element elementor-element-235b5e8 elementor-widget elementor-widget-html\" data-id=\"235b5e8\" data-element_type=\"widget\" data-e-type=\"widget\" data-widget_type=\"html.default\">\n\t\t\t\t\t<!-- LikeBtn.com BEGIN -->\n<span class=\"likebtn-wrapper\" data-theme=\"drop\" data-i18n_like=\"Helpful\" data-white_label=\"true\" data-dislike_enabled=\"false\" data-icon_dislike_show=\"false\" data-popup_disabled=\"true\" data-share_enabled=\"false\" data-loader_show=\"true\" data-tooltip_enabled=\"false\"><\/span>\n<script>(function(d,e,s){if(d.getElementById(\"likebtn_wjs\"))return;a=d.createElement(e);m=d.getElementsByTagName(e)[0];a.async=1;a.id=\"likebtn_wjs\";a.src=s;m.parentNode.insertBefore(a, m)})(document,\"script\",\"\/\/w.likebtn.com\/js\/w\/widget.js\");<\/script>\n<!-- LikeBtn.com END -->\t\t\t\t<\/div>\n\t\t\t\t<div class=\"elementor-element elementor-element-75db48be elementor-widget elementor-widget-text-editor\" data-id=\"75db48be\" data-element_type=\"widget\" data-e-type=\"widget\" data-widget_type=\"text-editor.default\">\n\t\t\t\t\t\t\t\t\t<div>\n<div>\n<div>\n<div>\n<p>Direkt aus den Seiten von The Avignon Affair &#8211; aber im wirklichen Leben&#8230; Im Jahr 2019 wurde die Kathedrale Notre Dame von einem katastrophalen Feuer heimgesucht, das die oberen W\u00e4nde, das Dach und die Turmspitze besch\u00e4digte und zerst\u00f6rte. Noch w\u00e4hrend der Brand ausbrach, str\u00f6mten verzweifelte Schaulustige mit Spenden ein. So dauerte es nicht lange, bis der Wiederaufbau der Kathedrale begann&#8230; LESEN Sie mehr unter <a style=\"font-family: var( --e-global-typography-text-font-family ), Sans-serif; letter-spacing: 0em;\" href=\"https:\/\/www.artandobject.com\/news\/scientists-open-700-year-old-notre-dame-sarcophagus\" target=\"_blank\" rel=\"noopener\">https:\/\/www.artandobject.com\/news\/scientists-open-700-year-old-notre-dame-sarcophagus.<\/a>    <\/p>\n<\/div>\n<\/div>\n<\/div>\n<\/div>\n\t\t\t\t\t\t\t\t<\/div>\n\t\t\t\t\t<\/div>\n\t\t<\/div>\n\t\t\t\t\t<\/div>\n\t\t<\/section>\n\t\t\t\t<section data-particle_enable=\"false\" data-particle-mobile-disabled=\"false\" class=\"elementor-section elementor-top-section elementor-element elementor-element-99c6ae9 elementor-section-boxed elementor-section-height-default elementor-section-height-default\" data-id=\"99c6ae9\" data-element_type=\"section\" data-e-type=\"section\">\n\t\t\t\t\t\t<div class=\"elementor-container elementor-column-gap-default\">\n\t\t\t\t\t<div class=\"elementor-column elementor-col-100 elementor-top-column elementor-element elementor-element-e7b430e\" data-id=\"e7b430e\" data-element_type=\"column\" data-e-type=\"column\">\n\t\t\t<div class=\"elementor-widget-wrap\">\n\t\t\t\t\t\t\t<\/div>\n\t\t<\/div>\n\t\t\t\t\t<\/div>\n\t\t<\/section>\n\t\t\t\t<\/div>\n\t\t","protected":false},"excerpt":{"rendered":"<p>Direkt aus den Seiten von The Avignon Affair &#8211; aber im wirklichen Leben&#8230; Im Jahr 2019 wurde die Kathedrale Notre Dame von einem katastrophalen Feuer heimgesucht, das die oberen W\u00e4nde, das Dach und die Turmspitze [&hellip;]<\/p>\n","protected":false},"author":1,"featured_media":11047,"comment_status":"closed","ping_status":"open","sticky":false,"template":"","format":"standard","meta":{"iawp_total_views":1,"footnotes":""},"categories":[99],"tags":[],"class_list":["post-11046","post","type-post","status-publish","format-standard","has-post-thumbnail","hentry","category-die-avignon-affare"],"_links":{"self":[{"href":"https:\/\/garymcavoy.com\/de\/wp-json\/wp\/v2\/posts\/11046","targetHints":{"allow":["GET"]}}],"collection":[{"href":"https:\/\/garymcavoy.com\/de\/wp-json\/wp\/v2\/posts"}],"about":[{"href":"https:\/\/garymcavoy.com\/de\/wp-json\/wp\/v2\/types\/post"}],"author":[{"embeddable":true,"href":"https:\/\/garymcavoy.com\/de\/wp-json\/wp\/v2\/users\/1"}],"replies":[{"embeddable":true,"href":"https:\/\/garymcavoy.com\/de\/wp-json\/wp\/v2\/comments?post=11046"}],"version-history":[{"count":0,"href":"https:\/\/garymcavoy.com\/de\/wp-json\/wp\/v2\/posts\/11046\/revisions"}],"wp:featuredmedia":[{"embeddable":true,"href":"https:\/\/garymcavoy.com\/de\/wp-json\/wp\/v2\/media\/11047"}],"wp:attachment":[{"href":"https:\/\/garymcavoy.com\/de\/wp-json\/wp\/v2\/media?parent=11046"}],"wp:term":[{"taxonomy":"category","embeddable":true,"href":"https:\/\/garymcavoy.com\/de\/wp-json\/wp\/v2\/categories?post=11046"},{"taxonomy":"post_tag","embeddable":true,"href":"https:\/\/garymcavoy.com\/de\/wp-json\/wp\/v2\/tags?post=11046"}],"curies":[{"name":"wp","href":"https:\/\/api.w.org\/{rel}","templated":true}]}}